{"id":1773,"date":"2025-06-27T09:30:00","date_gmt":"2025-06-27T13:30:00","guid":{"rendered":"https:\/\/monthlydignity.org\/?p=1773"},"modified":"2026-01-05T17:51:12","modified_gmt":"2026-01-05T22:51:12","slug":"periods-on-campus","status":"publish","type":"post","link":"https:\/\/monthlydignity.org\/fr\/periods-on-campus\/","title":{"rendered":"Les r\u00e8gles sur le campus"},"content":{"rendered":"<div data-elementor-type=\"wp-post\" data-elementor-id=\"1773\" class=\"elementor elementor-1773\" data-elementor-post-type=\"post\">\n\t\t\t\t<div class=\"elementor-element elementor-element-9fd1617 e-flex e-con-boxed e-con e-parent\" data-id=\"9fd1617\" data-element_type=\"container\" data-e-type=\"container\">\n\t\t\t\t\t<div class=\"e-con-inner\">\n\t\t\t\t<div class=\"elementor-element elementor-element-ca846c2 elementor-widget elementor-widget-text-editor\" data-id=\"ca846c2\" data-element_type=\"widget\" data-e-type=\"widget\" data-widget_type=\"text-editor.default\">\n\t\t\t\t<div class=\"elementor-widget-container\">\n\t\t\t\t\t\t\t\t\t<p dir=\"ltr\">Le combat pour l'\u00e9quit\u00e9 menstruelle a parcouru un long chemin depuis l\u2019\u00e9poque o\u00f9 il se r\u00e9sumait \u00e0 r\u00e9clamer des tampons gratuits dans les \u00e9coles. Aujourd\u2019hui, le mouvement s\u2019est transform\u00e9 en un v\u00e9ritable enjeu de justice sociale, d'inclusion, et de remise en question des syst\u00e8mes cr\u00e9ant des barri\u00e8res pour les personnes menstru\u00e9es.<\/p><p>Le mois pass\u00e9, Monthly Dignity, l'Universit\u00e9 Concordia, et le Coll\u00e8ge Douglas ont collabor\u00e9 pour organiser la deuxi\u00e8me \u00e9dition du symposium annuel \u00ab Les r\u00e8gles sur le campus \u00bb, \u00e0 l'Universit\u00e9 McGill. Cet \u00e9v\u00e8nement a r\u00e9uni militant\u00b7e\u00b7s, chercheur\u00b7e\u00b7s, entrepreneur\u00b7e\u00b7s, et  \u00e9tudiant\u00b7e\u00b7s autour d\u2019un objectif commun : faire le bilan des avanc\u00e9es r\u00e9alis\u00e9es et d\u00e9finir le futur de la lutte (<a href=\"https:\/\/sites.events.concordia.ca\/sites\/concordia\/en\/periods-on-campus-2025\/home\">1<\/a>). En tant que  militant\u00b7e\u00b7s engag\u00e9.e.s dans la communaut\u00e9 montr\u00e9alaise, nous souhaitons partager quelques points cl\u00e9s de cette journ\u00e9e pour nourrir notre action collective (<a href=\"https:\/\/www.douglascollege.ca\/programs-courses\/explore-programs-courses\/faculties\/humanities-and-social-sciences\/sociology-faculty\/lisa-smith\">2<\/a>).<\/p>\t\t\t\t\t\t\t\t<\/div>\n\t\t\t\t<\/div>\n\t\t\t\t<div class=\"elementor-element elementor-element-3d1c54e elementor-widget elementor-widget-image\" data-id=\"3d1c54e\" data-element_type=\"widget\" data-e-type=\"widget\" data-widget_type=\"image.default\">\n\t\t\t\t<div class=\"elementor-widget-container\">\n\t\t\t\t\t\t\t\t\t\t\t\t\t\t\t<img fetchpriority=\"high\" decoding=\"async\" width=\"800\" height=\"534\" src=\"https:\/\/monthlydignity.org\/wp-content\/uploads\/2025\/06\/MAH3260-Enhanced-NR-1024x683.jpg\" class=\"attachment-large size-large wp-image-1777\" alt=\"\" srcset=\"https:\/\/monthlydignity.org\/wp-content\/uploads\/2025\/06\/MAH3260-Enhanced-NR-1024x683.jpg 1024w, https:\/\/monthlydignity.org\/wp-content\/uploads\/2025\/06\/MAH3260-Enhanced-NR-300x200.jpg 300w, https:\/\/monthlydignity.org\/wp-content\/uploads\/2025\/06\/MAH3260-Enhanced-NR-768x512.jpg 768w, https:\/\/monthlydignity.org\/wp-content\/uploads\/2025\/06\/MAH3260-Enhanced-NR-1536x1024.jpg 1536w, https:\/\/monthlydignity.org\/wp-content\/uploads\/2025\/06\/MAH3260-Enhanced-NR-2048x1365.jpg 2048w, https:\/\/monthlydignity.org\/wp-content\/uploads\/2025\/06\/MAH3260-Enhanced-NR-18x12.jpg 18w\" sizes=\"(max-width: 800px) 100vw, 800px\" \/>\t\t\t\t\t\t\t\t\t\t\t\t\t\t\t<\/div>\n\t\t\t\t<\/div>\n\t\t\t\t\t<\/div>\n\t\t\t\t<\/div>\n\t\t<div class=\"elementor-element elementor-element-5647dd7 e-flex e-con-boxed e-con e-parent\" data-id=\"5647dd7\" data-element_type=\"container\" data-e-type=\"container\">\n\t\t\t\t\t<div class=\"e-con-inner\">\n\t\t\t\t<div class=\"elementor-element elementor-element-9d32374 elementor-widget elementor-widget-text-editor\" data-id=\"9d32374\" data-element_type=\"widget\" data-e-type=\"widget\" data-widget_type=\"text-editor.default\">\n\t\t\t\t<div class=\"elementor-widget-container\">\n\t\t\t\t\t\t\t\t\t<h2><b>Tout le monde m\u00e9rite la dignit\u00e9<\/b><\/h2><p><span style=\"font-weight: 400\">L\u2019un des th\u00e8mes les plus marquants du symposium , portait sur l\u2019engagement des militant\u00b7e\u00b7s \u00e0 garantir que l'expansion du mouvement d'\u00e9quit\u00e9 menstruelle place v\u00e9ritablement au centre toutes les personnes menstru\u00e9es.<\/span><span style=\"font-weight: 400\">.\u00a0<\/span><\/p><p><span style=\"font-weight: 400\">C'est un th\u00e8me important car les personnes trans et non-binaires font face \u00e0 des d\u00e9fis uniques pour acc\u00e9der aux produits menstruels et aux soins de sant\u00e9. La recherche du Dr Elgin Pecjak a montr\u00e9 comment les approches traditionnelles rendent souvent les personnes trans menstru\u00e9es invisibles (<\/span><a href=\"https:\/\/ruor.uottawa.ca\/items\/c9ed8617-a743-4cbe-9d3b-67a1fab11150\"><span style=\"font-weight: 400\">3<\/span><\/a><span style=\"font-weight: 400\">). \u00c7a n\u2019est pas juste une question de langage \u2014 il s\u2019agit de s'assurer que nos programmes et nos espaces soient v\u00e9ritablement accueillants pour toute les personnes menstru\u00e9es, sans exception.<\/span><\/p>\t\t\t\t\t\t\t\t<\/div>\n\t\t\t\t<\/div>\n\t\t\t\t\t<\/div>\n\t\t\t\t<\/div>\n\t\t<div class=\"elementor-element elementor-element-ea597a8 e-flex e-con-boxed e-con e-parent\" data-id=\"ea597a8\" data-element_type=\"container\" data-e-type=\"container\">\n\t\t\t\t\t<div class=\"e-con-inner\">\n\t\t\t\t<div class=\"elementor-element elementor-element-46ab7b2 elementor-widget elementor-widget-image\" data-id=\"46ab7b2\" data-element_type=\"widget\" data-e-type=\"widget\" data-widget_type=\"image.default\">\n\t\t\t\t<div class=\"elementor-widget-container\">\n\t\t\t\t\t\t\t\t\t\t\t\t\t\t\t<img decoding=\"async\" width=\"800\" height=\"534\" src=\"https:\/\/monthlydignity.org\/wp-content\/uploads\/2025\/06\/MAH3303-Enhanced-NR-1024x683.jpg\" class=\"attachment-large size-large wp-image-1778\" alt=\"\" srcset=\"https:\/\/monthlydignity.org\/wp-content\/uploads\/2025\/06\/MAH3303-Enhanced-NR-1024x683.jpg 1024w, https:\/\/monthlydignity.org\/wp-content\/uploads\/2025\/06\/MAH3303-Enhanced-NR-300x200.jpg 300w, https:\/\/monthlydignity.org\/wp-content\/uploads\/2025\/06\/MAH3303-Enhanced-NR-768x512.jpg 768w, https:\/\/monthlydignity.org\/wp-content\/uploads\/2025\/06\/MAH3303-Enhanced-NR-1536x1024.jpg 1536w, https:\/\/monthlydignity.org\/wp-content\/uploads\/2025\/06\/MAH3303-Enhanced-NR-2048x1365.jpg 2048w, https:\/\/monthlydignity.org\/wp-content\/uploads\/2025\/06\/MAH3303-Enhanced-NR-18x12.jpg 18w\" sizes=\"(max-width: 800px) 100vw, 800px\" \/>\t\t\t\t\t\t\t\t\t\t\t\t\t\t\t<\/div>\n\t\t\t\t<\/div>\n\t\t\t\t\t<\/div>\n\t\t\t\t<\/div>\n\t\t<div class=\"elementor-element elementor-element-84692f6 e-flex e-con-boxed e-con e-parent\" data-id=\"84692f6\" data-element_type=\"container\" data-e-type=\"container\">\n\t\t\t\t\t<div class=\"e-con-inner\">\n\t\t\t\t<div class=\"elementor-element elementor-element-6caf800 elementor-widget elementor-widget-text-editor\" data-id=\"6caf800\" data-element_type=\"widget\" data-e-type=\"widget\" data-widget_type=\"text-editor.default\">\n\t\t\t\t<div class=\"elementor-widget-container\">\n\t\t\t\t\t\t\t\t\t<p><span style=\"font-weight: 400\">Lorsqu\u2019on parle d'accueillir toutes les personnes menstru\u00e9es, il faut consid\u00e9rer que les personnes en situation de handicap ont besoin de bien plus qu\u2019un simple acc\u00e8s physique aux produits. Le travail de Jessie Funk a r\u00e9v\u00e9l\u00e9 que la v\u00e9ritable \u00e9quit\u00e9 implique de prendre en compte  l'accessibilit\u00e9 cognitive, la fonction motrice, et les besoins sensoriels (<\/span><a href=\"https:\/\/monthlydignity.org\/fr\/importance-of-menstrual-education-for-persons-with-disabilities\/\"><span style=\"font-weight: 400\">4<\/span><\/a><span style=\"font-weight: 400\">). De m\u00eame, la cr\u00e9ation de vid\u00e9os en ASL par Holly Johnston pour les personnes sourdes et malentendantes qui menstruent a soulign\u00e9 comment l'accessibilit\u00e9 linguistique est tout aussi cruciale \u2014 ces communaut\u00e9s manquent souvent d'acc\u00e8s \u00e0 l'\u00e9ducation sur la sant\u00e9 menstruelle dans leur propre langue (<\/span><a href=\"https:\/\/deafbc.ca\/archives\/25752\"><span style=\"font-weight: 400\">5<\/span><\/a><span style=\"font-weight: 400\">). Ces exemples d\u00e9montrent que l'inclusion exige bien plus que de bonnes intentions, des efforts proactifs \u00e0 travers plusieurs dimensions d'accessibilit\u00e9, sont n\u00e9cessaires.\u00a0<\/span><\/p><p><span style=\"font-weight: 400\">Au-del\u00e0 de l'accessibilit\u00e9, le symposium a aussi mis en lumi\u00e8re la diversit\u00e9 des barri\u00e8res culturelles selon les communaut\u00e9s. Diana Palacios Diaz, qui travaille avec les communaut\u00e9s latino-am\u00e9ricaines, nous a rappel\u00e9 que la sensibilisation efficace n\u00e9cessite de comprendre comment diff\u00e9rentes cultures vivent la stigmatisation menstruelle (<\/span><a href=\"https:\/\/happyperiods.ca\/\"><span style=\"font-weight: 400\">6<\/span><\/a><span style=\"font-weight: 400\">).\u00a0<\/span><\/p>\t\t\t\t\t\t\t\t<\/div>\n\t\t\t\t<\/div>\n\t\t\t\t\t<\/div>\n\t\t\t\t<\/div>\n\t\t<div class=\"elementor-element elementor-element-005cc38 e-flex e-con-boxed e-con e-parent\" data-id=\"005cc38\" data-element_type=\"container\" data-e-type=\"container\">\n\t\t\t\t\t<div class=\"e-con-inner\">\n\t\t\t\t<div class=\"elementor-element elementor-element-ca215ff elementor-widget elementor-widget-text-editor\" data-id=\"ca215ff\" data-element_type=\"widget\" data-e-type=\"widget\" data-widget_type=\"text-editor.default\">\n\t\t\t\t<div class=\"elementor-widget-container\">\n\t\t\t\t\t\t\t\t\t<h2><b>Innovation centr\u00e9e sur la justice<\/b><\/h2><p>La conf\u00e9rence nous a d\u00e9fi\u00e9-es \u00e0 penser au-del\u00e0 de la simple cr\u00e9ation de nouveaux produits (<a href=\"https:\/\/www.researchgate.net\/profile\/Anda-Dragomir\">7<\/a>). La v\u00e9ritable innovation \u00e9merge lorsqu\u2019on se demande : \u00ab Est-ce que cela fait avancer la justice ? \u00bb<\/p>\t\t\t\t\t\t\t\t<\/div>\n\t\t\t\t<\/div>\n\t\t\t\t\t<\/div>\n\t\t\t\t<\/div>\n\t\t<div class=\"elementor-element elementor-element-9e51a63 e-flex e-con-boxed e-con e-parent\" data-id=\"9e51a63\" data-element_type=\"container\" data-e-type=\"container\">\n\t\t\t\t\t<div class=\"e-con-inner\">\n\t\t\t\t<div class=\"elementor-element elementor-element-ee5a5da elementor-widget elementor-widget-image\" data-id=\"ee5a5da\" data-element_type=\"widget\" data-e-type=\"widget\" data-widget_type=\"image.default\">\n\t\t\t\t<div class=\"elementor-widget-container\">\n\t\t\t\t\t\t\t\t\t\t\t\t\t\t\t<img decoding=\"async\" width=\"800\" height=\"534\" src=\"https:\/\/monthlydignity.org\/wp-content\/uploads\/2025\/06\/MAH3466-Enhanced-NR-1024x683.jpg\" class=\"attachment-large size-large wp-image-1779\" alt=\"\" srcset=\"https:\/\/monthlydignity.org\/wp-content\/uploads\/2025\/06\/MAH3466-Enhanced-NR-1024x683.jpg 1024w, https:\/\/monthlydignity.org\/wp-content\/uploads\/2025\/06\/MAH3466-Enhanced-NR-300x200.jpg 300w, https:\/\/monthlydignity.org\/wp-content\/uploads\/2025\/06\/MAH3466-Enhanced-NR-768x512.jpg 768w, https:\/\/monthlydignity.org\/wp-content\/uploads\/2025\/06\/MAH3466-Enhanced-NR-1536x1024.jpg 1536w, https:\/\/monthlydignity.org\/wp-content\/uploads\/2025\/06\/MAH3466-Enhanced-NR-2048x1365.jpg 2048w, https:\/\/monthlydignity.org\/wp-content\/uploads\/2025\/06\/MAH3466-Enhanced-NR-18x12.jpg 18w\" sizes=\"(max-width: 800px) 100vw, 800px\" \/>\t\t\t\t\t\t\t\t\t\t\t\t\t\t\t<\/div>\n\t\t\t\t<\/div>\n\t\t\t\t\t<\/div>\n\t\t\t\t<\/div>\n\t\t<div class=\"elementor-element elementor-element-211e213 e-flex e-con-boxed e-con e-parent\" data-id=\"211e213\" data-element_type=\"container\" data-e-type=\"container\">\n\t\t\t\t\t<div class=\"e-con-inner\">\n\t\t\t\t<div class=\"elementor-element elementor-element-0a07ad0 elementor-widget elementor-widget-text-editor\" data-id=\"0a07ad0\" data-element_type=\"widget\" data-e-type=\"widget\" data-widget_type=\"text-editor.default\">\n\t\t\t\t<div class=\"elementor-widget-container\">\n\t\t\t\t\t\t\t\t\t<p><span style=\"font-weight: 400\">Plut\u00f4t que de d\u00e9velopper une autre coupe menstruelle ou serviette, les entrepreneur\u00b7e\u00b7s orient\u00e9\u00b7e\u00b7s vers la justice \u2014 Leisa Hirtz, Marielle La Rue, pis Sabiha Sultana \u2014 se demandent (<\/span><a href=\"https:\/\/www.researchgate.net\/profile\/Anda-Dragomir\"><span style=\"font-weight: 400\">8<\/span><\/a><span style=\"font-weight: 400\">;<\/span><a href=\"https:\/\/bfreecup.com\/pages\/story?srsltid=AfmBOoqu1vjWKSQHGV27VMZ6QTuVz5lZzR_ydoTkxEGhgqT31T8zppRl\"> <span style=\"font-weight: 400\">9<\/span><\/a><span style=\"font-weight: 400\">;<\/span><a href=\"https:\/\/fornix.ca\/\"> <span style=\"font-weight: 400\">10<\/span><\/a><span style=\"font-weight: 400\">;<\/span><a href=\"https:\/\/arunarevolution.com\/\"> <span style=\"font-weight: 400\">11<\/span><\/a><span style=\"font-weight: 400\">):<\/span><\/p><ul><li style=\"font-weight: 400\"><span style=\"font-weight: 400\">Est-ce que c'est \u00e9cologiquement durable ?<\/span><\/li><li style=\"font-weight: 400\"><span style=\"font-weight: 400\">Est-ce que les personnes \u00e0 faible revenu peuvent vraiment se le permettre ?<\/span><\/li><li style=\"font-weight: 400\"><span style=\"font-weight: 400\">Est-ce que \u00e7a respecte les diff\u00e9rents besoins culturels ?<\/span><\/li><li style=\"font-weight: 400\"><span style=\"font-weight: 400\">Est-ce que \u00e7a donne aux utilisateur\u00b7rice\u00b7s un vrai choix et de l'autonomie ?<\/span><\/li><\/ul><p>\u00a0<\/p><p><span style=\"font-weight: 400\">Comme une pr\u00e9sentatrice l'a dit, nous avons besoin de d\u00e9passer les \u00ab solutions performatives \u00bb \u2014 ces changements qui paraissent bien mais qui ne s'attaquent pas vraiment aux probl\u00e8mes de fond. Cette r\u00e9flexion nous interpelle directement en tant qu'organisations : proposons-nous simplement des solutions temporaires, ou travaillons-nous vers un v\u00e9ritable changement syst\u00e9mique ?<\/span><\/p>\t\t\t\t\t\t\t\t<\/div>\n\t\t\t\t<\/div>\n\t\t\t\t<div class=\"elementor-element elementor-element-eb47c94 elementor-widget elementor-widget-text-editor\" data-id=\"eb47c94\" data-element_type=\"widget\" data-e-type=\"widget\" data-widget_type=\"text-editor.default\">\n\t\t\t\t<div class=\"elementor-widget-container\">\n\t\t\t\t\t\t\t\t\t<h2><b>Plusieurs chemins, un mouvement unifi\u00e9<\/b><\/h2><p>Ce qui est remarquable dans  le mouvement actuel pour la justice menstruelle, c'est la diversit\u00e9 d\u2019approches adopt\u00e9es - et la fa\u00e7on dont elles se renforcent mutuellement (<a href=\"https:\/\/www.douglascollege.ca\/about-douglas\/learn-about-douglas\/research-college\/research-centres\/menstrual-cycle-research-group\">12<\/a>).<\/p><p>Les t\u00e9moignages personnels aident \u00e0 briser la honte et la stigmatisation. Lorsque les gens partagent leurs exp\u00e9riences menstruelles, cela cr\u00e9e un espace pour que d'autres fassent pareil et g\u00e9n\u00e8re une compr\u00e9hension n\u00e9cessaire aux changements politiques.<\/p><p>La recherche acad\u00e9mique fournit les preuves n\u00e9cessaires pour militer pour de meilleures politiques et du financement. Les chercheur\u00b7e\u00b7s documentent ce que plusieurs d'entre nous savent d\u00e9j\u00e0 par exp\u00e9rience \u2014 que les syst\u00e8mes actuels ne fonctionnent pas pour tout le monde (<a href=\"https:\/\/chrr.info\/person\/mikayla_hunter\/\">13<\/a>).<\/p><p>L'\u00e9ducation cr\u00e9ative rejoint le monde de nouvelles fa\u00e7ons. Les zines, par exemple, utilisent la culture DIY pour partager l'information sur la sant\u00e9 menstruelle dans des formats qui sont accessibles et adapt\u00e9s aux jeunes, plut\u00f4t que cliniques ou moralisateurs  (<a href=\"https:\/\/open.library.ubc.ca\/soa\/cIRcle\/collections\/ubctheses\/24\/items\/1.0434670\">14<\/a>).<\/p>\t\t\t\t\t\t\t\t<\/div>\n\t\t\t\t<\/div>\n\t\t\t\t\t<\/div>\n\t\t\t\t<\/div>\n\t\t<div class=\"elementor-element elementor-element-b34bcd5 e-flex e-con-boxed e-con e-parent\" data-id=\"b34bcd5\" data-element_type=\"container\" data-e-type=\"container\">\n\t\t\t\t\t<div class=\"e-con-inner\">\n\t\t\t\t<div class=\"elementor-element elementor-element-2ffe8eb elementor-widget elementor-widget-image\" data-id=\"2ffe8eb\" data-element_type=\"widget\" data-e-type=\"widget\" data-widget_type=\"image.default\">\n\t\t\t\t<div class=\"elementor-widget-container\">\n\t\t\t\t\t\t\t\t\t\t\t\t\t\t\t<img loading=\"lazy\" decoding=\"async\" width=\"683\" height=\"1024\" src=\"https:\/\/monthlydignity.org\/wp-content\/uploads\/2025\/06\/MAH3417-Enhanced-NR-683x1024.jpg\" class=\"attachment-large size-large wp-image-1780\" alt=\"\" srcset=\"https:\/\/monthlydignity.org\/wp-content\/uploads\/2025\/06\/MAH3417-Enhanced-NR-683x1024.jpg 683w, https:\/\/monthlydignity.org\/wp-content\/uploads\/2025\/06\/MAH3417-Enhanced-NR-200x300.jpg 200w, https:\/\/monthlydignity.org\/wp-content\/uploads\/2025\/06\/MAH3417-Enhanced-NR-768x1152.jpg 768w, https:\/\/monthlydignity.org\/wp-content\/uploads\/2025\/06\/MAH3417-Enhanced-NR-1024x1536.jpg 1024w, https:\/\/monthlydignity.org\/wp-content\/uploads\/2025\/06\/MAH3417-Enhanced-NR-1365x2048.jpg 1365w, https:\/\/monthlydignity.org\/wp-content\/uploads\/2025\/06\/MAH3417-Enhanced-NR-8x12.jpg 8w, https:\/\/monthlydignity.org\/wp-content\/uploads\/2025\/06\/MAH3417-Enhanced-NR-scaled.jpg 1707w\" sizes=\"(max-width: 683px) 100vw, 683px\" \/>\t\t\t\t\t\t\t\t\t\t\t\t\t\t\t<\/div>\n\t\t\t\t<\/div>\n\t\t\t\t\t<\/div>\n\t\t\t\t<\/div>\n\t\t<div class=\"elementor-element elementor-element-e96a253 e-flex e-con-boxed e-con e-parent\" data-id=\"e96a253\" data-element_type=\"container\" data-e-type=\"container\">\n\t\t\t\t\t<div class=\"e-con-inner\">\n\t\t\t\t<div class=\"elementor-element elementor-element-b6796e5 elementor-widget elementor-widget-text-editor\" data-id=\"b6796e5\" data-element_type=\"widget\" data-e-type=\"widget\" data-widget_type=\"text-editor.default\">\n\t\t\t\t<div class=\"elementor-widget-container\">\n\t\t\t\t\t\t\t\t\t<p><span style=\"font-weight: 400\">Le plaidoyer politique travaille \u00e0 changer les lois et les pratiques institutionnelles. Les jeunes militant\u00b7e\u00b7s apportent l'exp\u00e9rience v\u00e9cue directement aux d\u00e9cideur\u00b7e\u00b7s, exigeant de la reddition de comptes lorsque les politiques \u00e9chouent \u00e0 g\u00e9n\u00e9rer un changement r\u00e9el (<\/span><a href=\"https:\/\/www.cbc.ca\/news\/canada\/london\/free-period-products-at-london-library-branches-provides-menstrual-equity-1.7282709\"><span style=\"font-weight: 400\">15<\/span><\/a><span style=\"font-weight: 400\">).<\/span><\/p>\t\t\t\t\t\t\t\t<\/div>\n\t\t\t\t<\/div>\n\t\t\t\t\t<\/div>\n\t\t\t\t<\/div>\n\t\t<div class=\"elementor-element elementor-element-8cc425a e-flex e-con-boxed e-con e-parent\" data-id=\"8cc425a\" data-element_type=\"container\" data-e-type=\"container\">\n\t\t\t\t\t<div class=\"e-con-inner\">\n\t\t\t\t<div class=\"elementor-element elementor-element-4115b53 elementor-widget elementor-widget-text-editor\" data-id=\"4115b53\" data-element_type=\"widget\" data-e-type=\"widget\" data-widget_type=\"text-editor.default\">\n\t\t\t\t<div class=\"elementor-widget-container\">\n\t\t\t\t\t\t\t\t\t<h2><b>Les d\u00e9fis persistants<\/b><\/h2><div><p style=\"color: #000000\">La conf\u00e9rence a \u00e9t\u00e9 transparente \u00e0 propos des tensions continues dans le mouvement. Parmis les  d\u00e9bats cl\u00e9s :<\/p><ul style=\"color: #000000\"><li>Comment s'engager avec les institutions pour cr\u00e9er du changement sans les laisser r\u00e9cup\u00e9rer notre message ou diluer nos demandes ?<\/li><li>Est-ce qu'on devrait promouvoir des programmes qui servent tout le monde \u00e9galement, ou concentrer les ressources sur les communaut\u00e9s les plus marginalis\u00e9es en priorit\u00e9 ?<\/li><li>Bien que le mouvement soit devenu plus inclusif, on a encore besoin de mieux centrer les voix des peuples autochtones, des immigrant\u00b7e\u00b7s, des personnes en situation d'itin\u00e9rance, et d'autres qui font face \u00e0 plusieurs barri\u00e8res.<\/li><\/ul><p>\u00a0<\/p><p style=\"color: #000000\">M\u00eame si ces tensions n'ont pas de solutions simples, les nommer ouvertement nous aide \u00e0 naviguer le chemin vers une justice menstruelle plus \u00e9quitable.<\/p><\/div>\t\t\t\t\t\t\t\t<\/div>\n\t\t\t\t<\/div>\n\t\t\t\t\t<\/div>\n\t\t\t\t<\/div>\n\t\t<div class=\"elementor-element elementor-element-ffbd5d3 e-flex e-con-boxed e-con e-parent\" data-id=\"ffbd5d3\" data-element_type=\"container\" data-e-type=\"container\">\n\t\t\t\t\t<div class=\"e-con-inner\">\n\t\t\t\t<div class=\"elementor-element elementor-element-a4bde26 elementor-widget elementor-widget-image\" data-id=\"a4bde26\" data-element_type=\"widget\" data-e-type=\"widget\" data-widget_type=\"image.default\">\n\t\t\t\t<div class=\"elementor-widget-container\">\n\t\t\t\t\t\t\t\t\t\t\t\t\t\t\t<img loading=\"lazy\" decoding=\"async\" width=\"800\" height=\"534\" src=\"https:\/\/monthlydignity.org\/wp-content\/uploads\/2025\/06\/MAH3409-Enhanced-NR-1024x683.jpg\" class=\"attachment-large size-large wp-image-1781\" alt=\"\" srcset=\"https:\/\/monthlydignity.org\/wp-content\/uploads\/2025\/06\/MAH3409-Enhanced-NR-1024x683.jpg 1024w, https:\/\/monthlydignity.org\/wp-content\/uploads\/2025\/06\/MAH3409-Enhanced-NR-300x200.jpg 300w, https:\/\/monthlydignity.org\/wp-content\/uploads\/2025\/06\/MAH3409-Enhanced-NR-768x512.jpg 768w, https:\/\/monthlydignity.org\/wp-content\/uploads\/2025\/06\/MAH3409-Enhanced-NR-1536x1024.jpg 1536w, https:\/\/monthlydignity.org\/wp-content\/uploads\/2025\/06\/MAH3409-Enhanced-NR-2048x1365.jpg 2048w, https:\/\/monthlydignity.org\/wp-content\/uploads\/2025\/06\/MAH3409-Enhanced-NR-18x12.jpg 18w\" sizes=\"(max-width: 800px) 100vw, 800px\" \/>\t\t\t\t\t\t\t\t\t\t\t\t\t\t\t<\/div>\n\t\t\t\t<\/div>\n\t\t\t\t\t<\/div>\n\t\t\t\t<\/div>\n\t\t<div class=\"elementor-element elementor-element-05e8a27 e-flex e-con-boxed e-con e-parent\" data-id=\"05e8a27\" data-element_type=\"container\" data-e-type=\"container\">\n\t\t\t\t\t<div class=\"e-con-inner\">\n\t\t\t\t<div class=\"elementor-element elementor-element-01d37c0 elementor-widget elementor-widget-text-editor\" data-id=\"01d37c0\" data-element_type=\"widget\" data-e-type=\"widget\" data-widget_type=\"text-editor.default\">\n\t\t\t\t<div class=\"elementor-widget-container\">\n\t\t\t\t\t\t\t\t\t<h2><b>Implications pour notre travail<\/b><\/h2><p><span style=\"font-weight: 400\">Si vous n\u2019avez pas pu assister au symposium, voici quelques enseignements cl\u00e9s qui ont \u00e9merg\u00e9 de la journ\u00e9e et qui peuvent renforcer notre travail :<\/span><\/p><ul><li style=\"font-weight: 400\"><span style=\"font-weight: 400\">Plut\u00f4t que de modifier des programmes existants pour les communaut\u00e9s marginalis\u00e9es, nous devrions concevoir avec des besoins divers en t\u00eate d\u00e8s le d\u00e9but.<\/span><\/li><li style=\"font-weight: 400\"><span style=\"font-weight: 400\">L'\u00e9quit\u00e9 menstruelle se connecte au logement, aux soins de sant\u00e9, \u00e0 l'\u00e9ducation, au statut d'immigration, et \u00e0 la justice \u00e9conomique. Notre plaidoyer doit refl\u00e9ter ces connexions.<\/span><\/li><li style=\"font-weight: 400\"><span style=\"font-weight: 400\">\u00a0Il y a de la place pour les services directs, le travail politique, l'\u00e9ducation, la recherche, mais aussi le changement culturel. Nous n\u2019avons pas tous-tes besoin de faire la m\u00eame chose pour faire partie du m\u00eame mouvement.<\/span><\/li><li style=\"font-weight: 400\"><span style=\"font-weight: 400\">Le mouvement \u00e9volue rapidement. Nous devons rester connect\u00e9\u00b7e\u00b7s aux communaut\u00e9s que nous servons et \u00eatre pr\u00eat\u00b7e\u00b7s \u00e0 adapter nos approches selon nos apprentissages.<\/span><\/li><\/ul><p>\u00a0<\/p><p><span style=\"font-weight: 400\">Alors que le paysage d'\u00e9quit\u00e9 menstruelle montr\u00e9alais continue de grandir, ces le\u00e7ons vont nous aider \u00e0 travailler plus efficacement ensemble vers un changement syst\u00e9mique.<\/span><\/p>\t\t\t\t\t\t\t\t<\/div>\n\t\t\t\t<\/div>\n\t\t\t\t\t<\/div>\n\t\t\t\t<\/div>\n\t\t<div class=\"elementor-element elementor-element-eb58b47 e-flex e-con-boxed e-con e-parent\" data-id=\"eb58b47\" data-element_type=\"container\" data-e-type=\"container\">\n\t\t\t\t\t<div class=\"e-con-inner\">\n\t\t\t\t<div class=\"elementor-element elementor-element-00b4e03 elementor-widget elementor-widget-text-editor\" data-id=\"00b4e03\" data-element_type=\"widget\" data-e-type=\"widget\" data-widget_type=\"text-editor.default\">\n\t\t\t\t<div class=\"elementor-widget-container\">\n\t\t\t\t\t\t\t\t\t<h2><b>Avancer ensemble<\/b><\/h2><p><span style=\"font-weight: 400\">La conf\u00e9rence \u00ab Les r\u00e8gles sur le campus \u00bb nous a rappel\u00e9 que l'\u00e9quit\u00e9 menstruelle ne concerne pas juste les r\u00e8gles \u2014 il s\u2019agit de dignit\u00e9, de justice, et de cr\u00e9er un monde o\u00f9 chacun.e peut participer pleinement dans sa communaut\u00e9s peu importe son corps ou son identit\u00e9.<\/span><\/p><p><span style=\"font-weight: 400\">Le chemin vers l'avant nous concerne tous \u2014 que vous fassiez du b\u00e9n\u00e9volat avec des organisations locales, que vous militez dans votre travail ou votre \u00e9cole, que vous souteniez des changements politiques, ou que vous parliez simplement ouvertement des menstruations avec vos ami\u00b7e\u00b7s et famille. Chaque action contribue \u00e0 une culture o\u00f9 tous les corps sont respect\u00e9s et soutenus.<\/span><\/p><p><br style=\"font-weight: 400\" \/><br style=\"font-weight: 400\" \/><\/p>\t\t\t\t\t\t\t\t<\/div>\n\t\t\t\t<\/div>\n\t\t\t\t\t<\/div>\n\t\t\t\t<\/div>\n\t\t<div class=\"elementor-element elementor-element-953b6a1 e-flex e-con-boxed e-con e-parent\" data-id=\"953b6a1\" data-element_type=\"container\" data-e-type=\"container\">\n\t\t\t\t\t<div class=\"e-con-inner\">\n\t\t\t\t\t<\/div>\n\t\t\t\t<\/div>\n\t\t\t\t<\/div>","protected":false},"excerpt":{"rendered":"<p>Le deuxi\u00e8me symposium annuel Periods on Campus a rappel\u00e9 que l\u2019\u00e9quit\u00e9 menstruelle va bien au-del\u00e0 de l\u2019acc\u00e8s gratuit aux produits : il s\u2019agit de concevoir des syst\u00e8mes fond\u00e9s sur la justice, l\u2019inclusion et la dignit\u00e9. De l\u2019\u00e9ducation accessible aux politiques publiques en passant par des r\u00e9cits engageants, le mouvement se renforce gr\u00e2ce \u00e0 l\u2019action collective et aux communaut\u00e9s.<\/p>","protected":false},"author":10,"featured_media":1776,"comment_status":"closed","ping_status":"open","sticky":false,"template":"","format":"standard","meta":{"_jetpack_memberships_contains_paid_content":false,"footnotes":""},"categories":[24,23,25],"tags":[126,124,76,38,125],"class_list":["post-1773","post","type-post","status-publish","format-standard","has-post-thumbnail","hentry","category-advocacy","category-education","category-events","tag-access-to-menstrual-products","tag-community-advocacy","tag-inclusive-design","tag-menstrual-equity","tag-students"],"jetpack_featured_media_url":"https:\/\/monthlydignity.org\/wp-content\/uploads\/2025\/06\/MAH3421-Enhanced-NR-scaled.jpg","jetpack_sharing_enabled":true,"_links":{"self":[{"href":"https:\/\/monthlydignity.org\/fr\/wp-json\/wp\/v2\/posts\/1773","targetHints":{"allow":["GET"]}}],"collection":[{"href":"https:\/\/monthlydignity.org\/fr\/wp-json\/wp\/v2\/posts"}],"about":[{"href":"https:\/\/monthlydignity.org\/fr\/wp-json\/wp\/v2\/types\/post"}],"author":[{"embeddable":true,"href":"https:\/\/monthlydignity.org\/fr\/wp-json\/wp\/v2\/users\/10"}],"replies":[{"embeddable":true,"href":"https:\/\/monthlydignity.org\/fr\/wp-json\/wp\/v2\/comments?post=1773"}],"version-history":[{"count":7,"href":"https:\/\/monthlydignity.org\/fr\/wp-json\/wp\/v2\/posts\/1773\/revisions"}],"predecessor-version":[{"id":1955,"href":"https:\/\/monthlydignity.org\/fr\/wp-json\/wp\/v2\/posts\/1773\/revisions\/1955"}],"wp:featuredmedia":[{"embeddable":true,"href":"https:\/\/monthlydignity.org\/fr\/wp-json\/wp\/v2\/media\/1776"}],"wp:attachment":[{"href":"https:\/\/monthlydignity.org\/fr\/wp-json\/wp\/v2\/media?parent=1773"}],"wp:term":[{"taxonomy":"category","embeddable":true,"href":"https:\/\/monthlydignity.org\/fr\/wp-json\/wp\/v2\/categories?post=1773"},{"taxonomy":"post_tag","embeddable":true,"href":"https:\/\/monthlydignity.org\/fr\/wp-json\/wp\/v2\/tags?post=1773"}],"curies":[{"name":"wp","href":"https:\/\/api.w.org\/{rel}","templated":true}]}}